{"id":58909,"date":"2026-08-31T14:19:19","date_gmt":"2026-08-31T13:19:19","guid":{"rendered":"https:\/\/belov.cz\/obec\/?p=58909"},"modified":"2026-08-31T14:21:21","modified_gmt":"2026-08-31T13:21:21","slug":"belovske-letobrani-folkovy-minifestival-2","status":"publish","type":"post","link":"https:\/\/belov.cz\/obec\/foto\/belovske-letobrani-folkovy-minifestival-2\/","title":{"rendered":"B\u011blovsk\u00e9 l\u00e9tobran\u00ed \u2013 folkov\u00fd minifestival"},"content":{"rendered":"\n<p class=\"wp-block-paragraph\">V p\u00e1tek 28. srpna 2026 se v b\u011blovsk\u00e9m are\u00e1lu uskute\u010dnilo p\u0159\u00edjemn\u00e9 venkovn\u00ed posezen\u00ed, kter\u00e9 za\u010dalo v 18 hodin. N\u00e1v\u0161t\u011bvn\u00edci si u\u017eili pohodovou atmosf\u00e9ru, ob\u010derstven\u00ed a pestr\u00fd hudebn\u00ed program.<\/p>\n\n\n\n<p class=\"wp-block-paragraph\">B\u011bhem ve\u010dera vystoupili:<\/p>\n\n\n\n<ul class=\"wp-block-list\">\n<li>Kytarovka Zl\u00edn,<\/li>\n\n\n\n<li>Toulav\u00e1 Ko\u010dka,<\/li>\n\n\n\n<li>Kost &amp; K\u016f\u017ee,<\/li>\n\n\n\n<li>Brakbaret,<\/li>\n\n\n\n<li>Cross the Rubicon.<\/li>\n<\/ul>\n\n\n\n<p class=\"wp-block-paragraph\">Akce prob\u011bhla ve skv\u011bl\u00e9 n\u00e1lad\u011b a p\u0159il\u00e1kala mnoho m\u00edstn\u00edch i p\u0159espoln\u00edch n\u00e1v\u0161t\u011bvn\u00edk\u016f.<\/p>\n","protected":false},"excerpt":{"rendered":"<p>V p\u00e1tek 28. srpna 2026 se v b\u011blovsk\u00e9m are\u00e1lu uskute\u010dnilo p\u0159\u00edjemn\u00e9 venkovn\u00ed posezen\u00ed, kter\u00e9 za\u010dalo v 18 hodin. N\u00e1v\u0161t\u011bvn\u00edci si u\u017eili pohodovou atmosf\u00e9ru, ob\u010derstven\u00ed a pestr\u00fd hudebn\u00ed program. B\u011bhem ve\u010dera\u2026<\/p>\n","protected":false},"author":2,"featured_media":58912,"comment_status":"open","ping_status":"closed","sticky":false,"template":"","format":"standard","meta":{"footnotes":""},"categories":[65],"tags":[308],"class_list":["post-58909","post","type-post","status-publish","format-standard","has-post-thumbnail","hentry","category-foto","tag-belovsky-klub"],"_links":{"self":[{"href":"https:\/\/belov.cz\/obec\/wp-json\/wp\/v2\/posts\/58909","targetHints":{"allow":["GET"]}}],"collection":[{"href":"https:\/\/belov.cz\/obec\/wp-json\/wp\/v2\/posts"}],"about":[{"href":"https:\/\/belov.cz\/obec\/wp-json\/wp\/v2\/types\/post"}],"author":[{"embeddable":true,"href":"https:\/\/belov.cz\/obec\/wp-json\/wp\/v2\/users\/2"}],"replies":[{"embeddable":true,"href":"https:\/\/belov.cz\/obec\/wp-json\/wp\/v2\/comments?post=58909"}],"version-history":[{"count":2,"href":"https:\/\/belov.cz\/obec\/wp-json\/wp\/v2\/posts\/58909\/revisions"}],"predecessor-version":[{"id":58927,"href":"https:\/\/belov.cz\/obec\/wp-json\/wp\/v2\/posts\/58909\/revisions\/58927"}],"wp:featuredmedia":[{"embeddable":true,"href":"https:\/\/belov.cz\/obec\/wp-json\/wp\/v2\/media\/58912"}],"wp:attachment":[{"href":"https:\/\/belov.cz\/obec\/wp-json\/wp\/v2\/media?parent=58909"}],"wp:term":[{"taxonomy":"category","embeddable":true,"href":"https:\/\/belov.cz\/obec\/wp-json\/wp\/v2\/categories?post=58909"},{"taxonomy":"post_tag","embeddable":true,"href":"https:\/\/belov.cz\/obec\/wp-json\/wp\/v2\/tags?post=58909"}],"curies":[{"name":"wp","href":"https:\/\/api.w.org\/{rel}","templated":true}]}}