{"id":58928,"date":"2026-08-31T14:32:56","date_gmt":"2026-08-31T13:32:56","guid":{"rendered":"https:\/\/belov.cz\/obec\/?p=58928"},"modified":"2026-08-31T14:47:43","modified_gmt":"2026-08-31T13:47:43","slug":"vystava-na-louce-16","status":"publish","type":"post","link":"https:\/\/belov.cz\/obec\/foto\/vystava-na-louce-16\/","title":{"rendered":"V\u00fdstava na louce"},"content":{"rendered":"\n<p class=\"wp-block-paragraph\">V sobotu 29. srpna 2026 od 15 do 18 hodin se u chalupy \u017dlutava 113 uskute\u010dnila tradi\u010dn\u00ed V\u00fdstava na louce po\u0159\u00e1dan\u00e1 spolkem Rozum\u011bn\u00ed. Po\u010das\u00ed akci p\u0159\u00e1lo, tak\u017ee se v\u0161e mohlo odehr\u00e1t v p\u0159\u00edjemn\u00e9 atmosf\u00e9\u0159e.<\/p>\n\n\n\n<p class=\"wp-block-paragraph\"><strong>Vystavovali:<\/strong> Spolek Rozum\u011bn\u00ed, Spolek p\u0159\u00e1tel v\u00fdtvarn\u00e9ho um\u011bn\u00ed Krom\u011b\u0159\u00ed\u017e, Vala\u0161sk\u00fd n\u00e1zor, Fotoklub Beseda, ZU\u0160 Otrokovice a dal\u0161\u00ed host\u00e9.<\/p>\n\n\n\n<p class=\"wp-block-paragraph\"><strong>Program odpoledne:<\/strong> Vystoupila kapela MixBand, skupina \u0158eck\u00e9 tance Otrokovice a tane\u010dnice Orient Otrokovice.<\/p>\n\n\n\n<p class=\"wp-block-paragraph\"><\/p>\n","protected":false},"excerpt":{"rendered":"<p>V sobotu 29. srpna 2026 od 15 do 18 hodin se u chalupy \u017dlutava 113 uskute\u010dnila tradi\u010dn\u00ed V\u00fdstava na louce po\u0159\u00e1dan\u00e1 spolkem Rozum\u011bn\u00ed. Po\u010das\u00ed akci p\u0159\u00e1lo, tak\u017ee se v\u0161e mohlo\u2026<\/p>\n","protected":false},"author":2,"featured_media":58950,"comment_status":"open","ping_status":"closed","sticky":false,"template":"","format":"standard","meta":{"footnotes":""},"categories":[65],"tags":[361],"class_list":["post-58928","post","type-post","status-publish","format-standard","has-post-thumbnail","hentry","category-foto","tag-vystava-na-louce"],"_links":{"self":[{"href":"https:\/\/belov.cz\/obec\/wp-json\/wp\/v2\/posts\/58928","targetHints":{"allow":["GET"]}}],"collection":[{"href":"https:\/\/belov.cz\/obec\/wp-json\/wp\/v2\/posts"}],"about":[{"href":"https:\/\/belov.cz\/obec\/wp-json\/wp\/v2\/types\/post"}],"author":[{"embeddable":true,"href":"https:\/\/belov.cz\/obec\/wp-json\/wp\/v2\/users\/2"}],"replies":[{"embeddable":true,"href":"https:\/\/belov.cz\/obec\/wp-json\/wp\/v2\/comments?post=58928"}],"version-history":[{"count":4,"href":"https:\/\/belov.cz\/obec\/wp-json\/wp\/v2\/posts\/58928\/revisions"}],"predecessor-version":[{"id":58988,"href":"https:\/\/belov.cz\/obec\/wp-json\/wp\/v2\/posts\/58928\/revisions\/58988"}],"wp:featuredmedia":[{"embeddable":true,"href":"https:\/\/belov.cz\/obec\/wp-json\/wp\/v2\/media\/58950"}],"wp:attachment":[{"href":"https:\/\/belov.cz\/obec\/wp-json\/wp\/v2\/media?parent=58928"}],"wp:term":[{"taxonomy":"category","embeddable":true,"href":"https:\/\/belov.cz\/obec\/wp-json\/wp\/v2\/categories?post=58928"},{"taxonomy":"post_tag","embeddable":true,"href":"https:\/\/belov.cz\/obec\/wp-json\/wp\/v2\/tags?post=58928"}],"curies":[{"name":"wp","href":"https:\/\/api.w.org\/{rel}","templated":true}]}}