{"id":58989,"date":"2026-09-01T12:52:18","date_gmt":"2026-09-01T11:52:18","guid":{"rendered":"https:\/\/belov.cz\/obec\/?p=58989"},"modified":"2026-09-01T13:09:33","modified_gmt":"2026-09-01T12:09:33","slug":"pisne-waldemara-matusky-v-belovskem-klubu","status":"publish","type":"post","link":"https:\/\/belov.cz\/obec\/aktuality\/pisne-waldemara-matusky-v-belovskem-klubu\/","title":{"rendered":"P\u00edsn\u011b Waldemara Matu\u0161ky v B\u011blovsk\u00e9m klubu"},"content":{"rendered":"\n<p class=\"wp-block-paragraph\">Sv\u00fdm hlasem v\u00e1s okouzl\u00ed \u201eextr\u00e9mn\u011b vzd\u00e1len\u00fd p\u0159\u00edbuzn\u00fd\u201c slavn\u00e9ho Waldemara Matu\u0161ky \u2013 pan Rudolf. Pobav\u00ed v\u00e1s Mistr kouzeln\u00edk, ohrom\u00ed kytarov\u00fd virtuos Kochta, rozproud\u00ed v\u00e1s v\u011bhlasn\u00fd akrobat na basov\u00e9m hmatn\u00edku Jirka Walter a rytmus ud\u00e1 mistr jazzov\u00fdch pali\u010dek Va\u0161ek \u0160est\u00e1k. O z\u00e1bavu se postar\u00e1 tak\u00e9 neoby\u010dejn\u00e1 tombola.<\/p>\n\n\n\n<p class=\"wp-block-paragraph\">\u010cek\u00e1 v\u00e1s z\u00e1\u017eitek, na kter\u00fd se nezapom\u00edn\u00e1.<\/p>\n","protected":false},"excerpt":{"rendered":"<p>Sv\u00fdm hlasem v\u00e1s okouzl\u00ed \u201eextr\u00e9mn\u011b vzd\u00e1len\u00fd p\u0159\u00edbuzn\u00fd\u201c slavn\u00e9ho Waldemara Matu\u0161ky \u2013 pan Rudolf. Pobav\u00ed v\u00e1s Mistr kouzeln\u00edk, ohrom\u00ed kytarov\u00fd virtuos Kochta, rozproud\u00ed v\u00e1s v\u011bhlasn\u00fd akrobat na basov\u00e9m hmatn\u00edku Jirka Walter\u2026<\/p>\n","protected":false},"author":2,"featured_media":58991,"comment_status":"open","ping_status":"closed","sticky":false,"template":"","format":"standard","meta":{"footnotes":""},"categories":[309],"tags":[],"class_list":["post-58989","post","type-post","status-publish","format-standard","has-post-thumbnail","hentry","category-aktuality"],"_links":{"self":[{"href":"https:\/\/belov.cz\/obec\/wp-json\/wp\/v2\/posts\/58989","targetHints":{"allow":["GET"]}}],"collection":[{"href":"https:\/\/belov.cz\/obec\/wp-json\/wp\/v2\/posts"}],"about":[{"href":"https:\/\/belov.cz\/obec\/wp-json\/wp\/v2\/types\/post"}],"author":[{"embeddable":true,"href":"https:\/\/belov.cz\/obec\/wp-json\/wp\/v2\/users\/2"}],"replies":[{"embeddable":true,"href":"https:\/\/belov.cz\/obec\/wp-json\/wp\/v2\/comments?post=58989"}],"version-history":[{"count":1,"href":"https:\/\/belov.cz\/obec\/wp-json\/wp\/v2\/posts\/58989\/revisions"}],"predecessor-version":[{"id":58990,"href":"https:\/\/belov.cz\/obec\/wp-json\/wp\/v2\/posts\/58989\/revisions\/58990"}],"wp:featuredmedia":[{"embeddable":true,"href":"https:\/\/belov.cz\/obec\/wp-json\/wp\/v2\/media\/58991"}],"wp:attachment":[{"href":"https:\/\/belov.cz\/obec\/wp-json\/wp\/v2\/media?parent=58989"}],"wp:term":[{"taxonomy":"category","embeddable":true,"href":"https:\/\/belov.cz\/obec\/wp-json\/wp\/v2\/categories?post=58989"},{"taxonomy":"post_tag","embeddable":true,"href":"https:\/\/belov.cz\/obec\/wp-json\/wp\/v2\/tags?post=58989"}],"curies":[{"name":"wp","href":"https:\/\/api.w.org\/{rel}","templated":true}]}}