{"id":58992,"date":"2026-09-01T13:10:43","date_gmt":"2026-09-01T12:10:43","guid":{"rendered":"https:\/\/belov.cz\/obec\/?p=58992"},"modified":"2026-09-01T13:46:51","modified_gmt":"2026-09-01T12:46:51","slug":"10-let-kina-napjedla","status":"publish","type":"post","link":"https:\/\/belov.cz\/obec\/aktuality\/10-let-kina-napjedla\/","title":{"rendered":"10 let Kina Napajedla"},"content":{"rendered":"\n<p class=\"wp-block-paragraph\">\u010cek\u00e1 n\u00e1s m\u011bs\u00edc pln\u00fd v\u00fdjime\u010dn\u00fdch akc\u00ed.<\/p>\n\n\n\n<p class=\"wp-block-paragraph\">Je tomu ji\u017e 10 let, co se 30. z\u00e1\u0159\u00ed 2016 znovuotev\u0159elo napajedelsk\u00e9 kino.<\/p>\n\n\n\n<p class=\"wp-block-paragraph\">Od t\u00e9 doby nab\u00eddlo sv\u00fdm div\u00e1k\u016fm tis\u00edce projekc\u00ed, zavedlo form\u00e1t filmov\u00e9ho klubu, kina senior nebo mama kina, po\u0159\u00e1dalo \u0159adu festival\u016f, divadeln\u00edch p\u0159edstaven\u00ed, p\u0159edn\u00e1\u0161ek a projekc\u00ed s delegacemi.<\/p>\n\n\n\n<p class=\"wp-block-paragraph\"><a href=\"https:\/\/kino.napajedla.cz\/o-nas\/historie-kina\" target=\"_blank\" rel=\"noopener\">podrobnosti<\/a><\/p>\n\n\n\n<p class=\"wp-block-paragraph\"><\/p>\n","protected":false},"excerpt":{"rendered":"<p>\u010cek\u00e1 n\u00e1s m\u011bs\u00edc pln\u00fd v\u00fdjime\u010dn\u00fdch akc\u00ed. Je tomu ji\u017e 10 let, co se 30. z\u00e1\u0159\u00ed 2016 znovuotev\u0159elo napajedelsk\u00e9 kino. Od t\u00e9 doby nab\u00eddlo sv\u00fdm div\u00e1k\u016fm tis\u00edce projekc\u00ed, zavedlo form\u00e1t filmov\u00e9ho\u2026<\/p>\n","protected":false},"author":2,"featured_media":58995,"comment_status":"open","ping_status":"closed","sticky":false,"template":"","format":"standard","meta":{"footnotes":""},"categories":[309],"tags":[],"class_list":["post-58992","post","type-post","status-publish","format-standard","has-post-thumbnail","hentry","category-aktuality"],"_links":{"self":[{"href":"https:\/\/belov.cz\/obec\/wp-json\/wp\/v2\/posts\/58992","targetHints":{"allow":["GET"]}}],"collection":[{"href":"https:\/\/belov.cz\/obec\/wp-json\/wp\/v2\/posts"}],"about":[{"href":"https:\/\/belov.cz\/obec\/wp-json\/wp\/v2\/types\/post"}],"author":[{"embeddable":true,"href":"https:\/\/belov.cz\/obec\/wp-json\/wp\/v2\/users\/2"}],"replies":[{"embeddable":true,"href":"https:\/\/belov.cz\/obec\/wp-json\/wp\/v2\/comments?post=58992"}],"version-history":[{"count":3,"href":"https:\/\/belov.cz\/obec\/wp-json\/wp\/v2\/posts\/58992\/revisions"}],"predecessor-version":[{"id":58996,"href":"https:\/\/belov.cz\/obec\/wp-json\/wp\/v2\/posts\/58992\/revisions\/58996"}],"wp:featuredmedia":[{"embeddable":true,"href":"https:\/\/belov.cz\/obec\/wp-json\/wp\/v2\/media\/58995"}],"wp:attachment":[{"href":"https:\/\/belov.cz\/obec\/wp-json\/wp\/v2\/media?parent=58992"}],"wp:term":[{"taxonomy":"category","embeddable":true,"href":"https:\/\/belov.cz\/obec\/wp-json\/wp\/v2\/categories?post=58992"},{"taxonomy":"post_tag","embeddable":true,"href":"https:\/\/belov.cz\/obec\/wp-json\/wp\/v2\/tags?post=58992"}],"curies":[{"name":"wp","href":"https:\/\/api.w.org\/{rel}","templated":true}]}}