{"id":58998,"date":"2026-09-04T07:00:22","date_gmt":"2026-09-04T06:00:22","guid":{"rendered":"https:\/\/belov.cz\/obec\/?p=58998"},"modified":"2026-09-04T07:01:12","modified_gmt":"2026-09-04T06:01:12","slug":"ockovani-psu-12","status":"publish","type":"post","link":"https:\/\/belov.cz\/obec\/aktuality\/ockovani-psu-12\/","title":{"rendered":"O\u010dkov\u00e1n\u00ed ps\u016f"},"content":{"rendered":"\n<p class=\"wp-block-paragraph\">Ve \u010dtvrtek 10. z\u00e1\u0159\u00ed od 16. hodin prob\u011bhne o\u010dkov\u00e1n\u00ed ps\u016f proti vzteklin\u011b. O\u010dkovat se bude u budovy obchodu. Vezm\u011bte s sebou o\u010dkovac\u00ed pr\u016fkazky.<\/p>\n\n\n\n<p class=\"wp-block-paragraph\"><\/p>\n","protected":false},"excerpt":{"rendered":"<p>Ve \u010dtvrtek 10. z\u00e1\u0159\u00ed od 16. hodin prob\u011bhne o\u010dkov\u00e1n\u00ed ps\u016f proti vzteklin\u011b. O\u010dkovat se bude u budovy obchodu. Vezm\u011bte s sebou o\u010dkovac\u00ed pr\u016fkazky.<\/p>\n","protected":false},"author":2,"featured_media":55776,"comment_status":"closed","ping_status":"closed","sticky":false,"template":"","format":"standard","meta":{"footnotes":""},"categories":[309],"tags":[52],"class_list":["post-58998","post","type-post","status-publish","format-standard","has-post-thumbnail","hentry","category-aktuality","tag-ockovani"],"_links":{"self":[{"href":"https:\/\/belov.cz\/obec\/wp-json\/wp\/v2\/posts\/58998","targetHints":{"allow":["GET"]}}],"collection":[{"href":"https:\/\/belov.cz\/obec\/wp-json\/wp\/v2\/posts"}],"about":[{"href":"https:\/\/belov.cz\/obec\/wp-json\/wp\/v2\/types\/post"}],"author":[{"embeddable":true,"href":"https:\/\/belov.cz\/obec\/wp-json\/wp\/v2\/users\/2"}],"replies":[{"embeddable":true,"href":"https:\/\/belov.cz\/obec\/wp-json\/wp\/v2\/comments?post=58998"}],"version-history":[{"count":2,"href":"https:\/\/belov.cz\/obec\/wp-json\/wp\/v2\/posts\/58998\/revisions"}],"predecessor-version":[{"id":59000,"href":"https:\/\/belov.cz\/obec\/wp-json\/wp\/v2\/posts\/58998\/revisions\/59000"}],"wp:featuredmedia":[{"embeddable":true,"href":"https:\/\/belov.cz\/obec\/wp-json\/wp\/v2\/media\/55776"}],"wp:attachment":[{"href":"https:\/\/belov.cz\/obec\/wp-json\/wp\/v2\/media?parent=58998"}],"wp:term":[{"taxonomy":"category","embeddable":true,"href":"https:\/\/belov.cz\/obec\/wp-json\/wp\/v2\/categories?post=58998"},{"taxonomy":"post_tag","embeddable":true,"href":"https:\/\/belov.cz\/obec\/wp-json\/wp\/v2\/tags?post=58998"}],"curies":[{"name":"wp","href":"https:\/\/api.w.org\/{rel}","templated":true}]}}