{"id":59001,"date":"2026-09-04T08:19:35","date_gmt":"2026-09-04T07:19:35","guid":{"rendered":"https:\/\/belov.cz\/obec\/?p=59001"},"modified":"2026-09-04T08:25:52","modified_gmt":"2026-09-04T07:25:52","slug":"volby-do-zastupitelstva-2026-kandidatni-listina","status":"publish","type":"post","link":"https:\/\/belov.cz\/obec\/uredni-deska-dokumenty\/volby-do-zastupitelstva-2026-kandidatni-listina\/","title":{"rendered":"Volby do zastupitelstva 2026: kandid\u00e1tn\u00ed listina"},"content":{"rendered":"\n<h2 class=\"wp-block-heading\">Volby do zastupitelstev obc\u00ed konan\u00e9 9.\u201310. 10. 2026<\/h2>\n\n\n\n<h3 class=\"wp-block-heading\">Sdru\u017een\u00ed nez\u00e1visl\u00fdch kandid\u00e1t\u016f pro B\u011blov\u200b<\/h3>\n\n\n\n<figure class=\"wp-block-table is-style-stripes\"><table class=\"has-fixed-layout\"><thead><tr><th>Kandid\u00e1t. po\u0159. \u010d\u00edslo<\/th><th>Kandid\u00e1t. p\u0159\u00edjmen\u00ed, jm\u00e9no, tituly<\/th><th>Kandid\u00e1t. v\u011bk<\/th><th>Navrhuj\u00edc\u00ed strana<\/th><th>Politick\u00e1 p\u0159\u00edslu\u0161nost<\/th><th>Povol\u00e1n\u00ed<\/th><th>Bydli\u0161t\u011b<\/th><\/tr><\/thead><tbody><tr><td>1<\/td><td>P\u0159ececht\u011bl Ji\u0159\u00ed\u200b<\/td><td>55<\/td><td>NK<\/td><td>BEZPP<\/td><td>vedouc\u00ed v\u00fdroby\u200b<\/td><td>B\u011blov\u200b<\/td><\/tr><tr><td>2<\/td><td>\u0160vec Kamil\u200b<\/td><td>42<\/td><td>NK<\/td><td>BEZPP<\/td><td>provozn\u00ed z\u00e1me\u010dn\u00edk\u200b<\/td><td>B\u011blov\u200b<\/td><\/tr><tr><td>3<\/td><td>Knedla Pavel\u200b<\/td><td>31<\/td><td>NK<\/td><td>BEZPP<\/td><td>program\u00e1tor technolog\u200b<\/td><td>B\u011blov\u200b<\/td><\/tr><tr><td>4<\/td><td>Sejbal Radek\u200b<\/td><td>62<\/td><td>NK<\/td><td>BEZPP<\/td><td>konstrukt\u00e9r<\/td><td>B\u011blov\u200b<\/td><\/tr><tr><td>5<\/td><td>Tihelka Zbyn\u011bk\u200b<\/td><td>48<\/td><td>NK<\/td><td>BEZPP<\/td><td>obchodn\u00ed \u0159editel\u200b<\/td><td>B\u011blov\u200b<\/td><\/tr><tr><td>6<\/td><td>Ve\u010de\u0159a Jaroslav\u200b<\/td><td>56<\/td><td>NK<\/td><td>BEZPP<\/td><td>technik<\/td><td>B\u011blov\u200b<\/td><\/tr><tr><td>7<\/td><td>Tala\u0161 Marek\u200b<\/td><td>53<\/td><td>NK<\/td><td>BEZPP<\/td><td>\u017eivnostn\u00edk<\/td><td>B\u011blov\u200b<\/td><\/tr><tr><td>8<\/td><td>Trenz Anton\u00edn\u200b<\/td><td>63<\/td><td>NK<\/td><td>BEZPP<\/td><td>d\u011bln\u00edk<\/td><td>B\u011blov\u200b<\/td><\/tr><\/tbody><\/table><\/figure>\n\n\n\n<p class=\"wp-block-paragraph\">Podrobnosti: <a href=\"https:\/\/volby.gov.cz\/app\/kv2026\/cs\/20261009\/name-lists\/!_0__7200_7204_588318\">volby.gov.cz<\/a><\/p>\n\n\n\n<p class=\"wp-block-paragraph\"><\/p>\n","protected":false},"excerpt":{"rendered":"<p>Volby do zastupitelstev obc\u00ed konan\u00e9 9.\u201310. 10. 2026 Sdru\u017een\u00ed nez\u00e1visl\u00fdch kandid\u00e1t\u016f pro B\u011blov\u200b Kandid\u00e1t. po\u0159. \u010d\u00edslo Kandid\u00e1t. p\u0159\u00edjmen\u00ed, jm\u00e9no, tituly Kandid\u00e1t. v\u011bk Navrhuj\u00edc\u00ed strana Politick\u00e1 p\u0159\u00edslu\u0161nost Povol\u00e1n\u00ed Bydli\u0161t\u011b 1 P\u0159ececht\u011bl\u2026<\/p>\n","protected":false},"author":2,"featured_media":43058,"comment_status":"open","ping_status":"closed","sticky":false,"template":"","format":"standard","meta":{"footnotes":""},"categories":[13,335],"tags":[144],"class_list":["post-59001","post","type-post","status-publish","format-standard","has-post-thumbnail","hentry","category-uredni-deska-dokumenty","category-volby","tag-volby"],"_links":{"self":[{"href":"https:\/\/belov.cz\/obec\/wp-json\/wp\/v2\/posts\/59001","targetHints":{"allow":["GET"]}}],"collection":[{"href":"https:\/\/belov.cz\/obec\/wp-json\/wp\/v2\/posts"}],"about":[{"href":"https:\/\/belov.cz\/obec\/wp-json\/wp\/v2\/types\/post"}],"author":[{"embeddable":true,"href":"https:\/\/belov.cz\/obec\/wp-json\/wp\/v2\/users\/2"}],"replies":[{"embeddable":true,"href":"https:\/\/belov.cz\/obec\/wp-json\/wp\/v2\/comments?post=59001"}],"version-history":[{"count":5,"href":"https:\/\/belov.cz\/obec\/wp-json\/wp\/v2\/posts\/59001\/revisions"}],"predecessor-version":[{"id":59006,"href":"https:\/\/belov.cz\/obec\/wp-json\/wp\/v2\/posts\/59001\/revisions\/59006"}],"wp:featuredmedia":[{"embeddable":true,"href":"https:\/\/belov.cz\/obec\/wp-json\/wp\/v2\/media\/43058"}],"wp:attachment":[{"href":"https:\/\/belov.cz\/obec\/wp-json\/wp\/v2\/media?parent=59001"}],"wp:term":[{"taxonomy":"category","embeddable":true,"href":"https:\/\/belov.cz\/obec\/wp-json\/wp\/v2\/categories?post=59001"},{"taxonomy":"post_tag","embeddable":true,"href":"https:\/\/belov.cz\/obec\/wp-json\/wp\/v2\/tags?post=59001"}],"curies":[{"name":"wp","href":"https:\/\/api.w.org\/{rel}","templated":true}]}}